{"id":946,"date":"2019-02-10T18:33:42","date_gmt":"2019-02-10T16:33:42","guid":{"rendered":"http:\/\/www.bcanto.com\/wp\/?p=946"},"modified":"2019-03-11T19:53:55","modified_gmt":"2019-03-11T17:53:55","slug":"konsert-17-2-2019","status":"publish","type":"post","link":"https:\/\/www.bcanto.com\/wp\/?p=946","title":{"rendered":"Konsert 17.2.2019"},"content":{"rendered":"<div id=\"pl-gb946-69f76d94d244d\"  class=\"panel-layout\" ><div id=\"pg-gb946-69f76d94d244d-0\"  class=\"panel-grid panel-no-style\" ><div id=\"pgc-gb946-69f76d94d244d-0-0\"  class=\"panel-grid-cell\" ><div id=\"panel-gb946-69f76d94d244d-0-0-0\" class=\"so-panel widget widget_media_image panel-first-child panel-last-child\" data-index=\"0\" ><img loading=\"lazy\" decoding=\"async\" width=\"461\" height=\"859\" src=\"https:\/\/www.bcanto.com\/wp\/wp-content\/uploads\/2019\/02\/Annons_Urupp.jpg\" class=\"image wp-image-947  attachment-full size-full\" alt=\"Konsert\" style=\"max-width: 100%; height: auto;\" srcset=\"https:\/\/www.bcanto.com\/wp\/wp-content\/uploads\/2019\/02\/Annons_Urupp.jpg 461w, https:\/\/www.bcanto.com\/wp\/wp-content\/uploads\/2019\/02\/Annons_Urupp-161x300.jpg 161w\" sizes=\"auto, (max-width: 461px) 100vw, 461px\" \/><\/div><\/div><\/div><div id=\"pg-gb946-69f76d94d244d-1\"  class=\"panel-grid panel-no-style\" ><div id=\"pgc-gb946-69f76d94d244d-1-0\"  class=\"panel-grid-cell\" ><div id=\"panel-gb946-69f76d94d244d-1-0-0\" class=\"so-panel widget widget_text panel-first-child panel-last-child\" data-index=\"1\" >\t\t\t<div class=\"textwidget\"><p style=\"font-weight: 400;\">H\u00f6sten 2017 utlyste Kammark\u00f6ren Bel Canto, bland finl\u00e4ndska tons\u00e4ttare eller i Finland\u00a0stadigvarande bosatta tons\u00e4ttare, en kompositionst\u00e4vling med avsikt att stimulera och\u00a0entusiasmera skapandet av ny h\u00f6gklassig k\u00f6rmusik och d\u00e4rmed berika repertoaren.<\/p>\n<p style=\"font-weight: 400;\">Varje deltagare skulle inl\u00e4mna tv\u00e5 kompositioner &#8211; en med en andlig svenskspr\u00e5kig text och\u00a0en med en profan svenskspr\u00e5kig text &#8211; om 3-5 minuter vardera.<\/p>\n<p style=\"font-weight: 400;\">Bel Canto mottog 22 t\u00e4vlingsbidrag dvs 44 kompositioner. T\u00e4vlingen genomf\u00f6rdes under\u00a0pseudonym, dvs anonymt.<\/p>\n<p style=\"font-weight: 400;\">Som ordf\u00f6rande f\u00f6r t\u00e4vlingsjuryn fungerade Kammark\u00f6ren Bel Cantos konstn\u00e4rliga\u00a0ledare Dan L\u00f6nnqvist. Medlemmar i juryn var k\u00f6rdirigenten och pedagogen Malin Storbj\u00f6rk\u00a0och medlemmen av f\u00f6reningen Finlands Tons\u00e4ttare rf.\u00a0(Suomen S\u00e4velt\u00e4j\u00e4t ry.), freelancetons\u00e4ttaren Jyrki Linjama.<\/p>\n<p style=\"font-weight: 400;\">F\u00f6rsta pris tillf\u00f6ll <strong>Mikko Sidoroff<\/strong> med kompositionerna<\/p>\n<ul>\n<li style=\"font-weight: 400;\">Nu firar himmelens makter (text ur ortodoxa liturgin under den Stora Fastan)<\/li>\n<li style=\"font-weight: 400;\">Nordisk v\u00e5r (text Edith S\u00f6dergran)<\/li>\n<\/ul>\n<p style=\"font-weight: 400;\">Andra pris tillf\u00f6ll <strong>Andr\u00e9 Aho<\/strong> med kompositionerna<\/p>\n<ul>\n<li style=\"font-weight: 400;\">Kom till mitt arma hj\u00e4rta (text J.L Runeberg)<\/li>\n<li style=\"font-weight: 400;\">Norden (text J.L Runeberg)<\/li>\n<\/ul>\n<p style=\"font-weight: 400;\">Tredje pris tillf\u00f6ll <strong>Christoffer P\u00f6rn<\/strong> med kompositionerna<\/p>\n<ul>\n<li style=\"font-weight: 400;\">Herre, f\u00f6rbarma dig<\/li>\n<li style=\"font-weight: 400;\">Stj\u00e4rnenatten (text Edith S\u00f6dergran)<\/li>\n<\/ul>\n<p style=\"font-weight: 400;\">Vid konserten framf\u00f6rs \u00e4ven musik av<\/p>\n<ul>\n<li style=\"font-weight: 400;\">Ralph Manuel<\/li>\n<li style=\"font-weight: 400;\">Piret Rips-Laul<\/li>\n<li style=\"font-weight: 400;\">Robert Pearsall<\/li>\n<li style=\"font-weight: 400;\">Nikolaj Kedrov<\/li>\n<li style=\"font-weight: 400;\">\u0112riks E\u0161envalds<\/li>\n<li style=\"font-weight: 400;\">Eric Whitacre<\/li>\n<\/ul>\n<\/div>\n\t\t<\/div><\/div><div id=\"pgc-gb946-69f76d94d244d-1-1\"  class=\"panel-grid-cell\" ><div id=\"panel-gb946-69f76d94d244d-1-1-0\" class=\"so-panel widget widget_text panel-first-child panel-last-child\" data-index=\"2\" >\t\t\t<div class=\"textwidget\"><p style=\"font-weight: 400;\">Syksyll\u00e4 2017 Kamarikuoro Bel Canto julisti suomalaisille tai Suomessa pysyv\u00e4sti asuville\u00a0s\u00e4velt\u00e4jille s\u00e4vellyskilpailun. Tarkoituksena oli tuoda uutta eloa ja innostusta korkealaatuisen\u00a0kuoromusiikin luomiseen. Samalla haluttiin my\u00f6s kartuttaa repertoaaria.<\/p>\n<p style=\"font-weight: 400;\">Jokaisen osallistujan piti j\u00e4tt\u00e4\u00e4 kaksi s\u00e4vellyst\u00e4 &#8211; yksi hengelliseen ruotsinkieliseen tekstiin ja\u00a0yksi maalliseen ruotsinkieliseen tekstiin &#8211; kumpikin kestoltaan 3 &#8211; 5 minuuttia.<\/p>\n<p style=\"font-weight: 400;\">Bel Canto vastaanotti 22 kilpailuehdotusta eli 44 s\u00e4vellyst\u00e4. Kilpailu vietiin l\u00e4pi nimimerkkien\u00a0suojassa, anonyymisti.<\/p>\n<p style=\"font-weight: 400;\">Kilpailuraadin puheenjohtajana toimi Kamarikuoro Bel Canton taiteellinen johtaja Dan\u00a0L\u00f6nnqvist. Juryn j\u00e4seni\u00e4 olivat kuoronjohtaja ja pedagogi Malin Storbj\u00f6rk ja Suomen\u00a0S\u00e4velt\u00e4j\u00e4t ry:n ( Finlands Tons\u00e4ttare rf.) j\u00e4sen, freelancer-s\u00e4velt\u00e4j\u00e4 Jyrki Linjama.<\/p>\n<p style=\"font-weight: 400;\">Ensimm\u00e4inen palkinto, <strong>Mikko Sidoroff<\/strong>, s\u00e4vellyksist\u00e4<\/p>\n<ul>\n<li style=\"font-weight: 400;\">Nu firar himmelens makter (teksti Suuren paaston ajan ortodoksisesta liturgiasta)<\/li>\n<li style=\"font-weight: 400;\">Nordisk v\u00e5r (teksti Edith S\u00f6dergran)<\/li>\n<\/ul>\n<p style=\"font-weight: 400;\">Toinen palkinto, <strong>Andr\u00e9 Aho<\/strong>, s\u00e4vellyksist\u00e4<\/p>\n<ul>\n<li style=\"font-weight: 400;\">Kom till mitt arma hj\u00e4rta (teksti J.L. Runeberg)<\/li>\n<li style=\"font-weight: 400;\">Norden (teksti J.L. Runeberg)<\/li>\n<\/ul>\n<p style=\"font-weight: 400;\">Kolmas palkinto, <strong>Christoffer P\u00f6rn<\/strong>, s\u00e4vellyksist\u00e4<\/p>\n<ul>\n<li style=\"font-weight: 400;\">Herre, f\u00f6rbarma dig<\/li>\n<li style=\"font-weight: 400;\">Stj\u00e4rnenatten (teksti Edith S\u00f6dergran)<\/li>\n<\/ul>\n<p style=\"font-weight: 400;\">Konsertissa esitet\u00e4\u00e4n my\u00f6s seuraavien s\u00e4velt\u00e4jien musiikkia<\/p>\n<ul>\n<li style=\"font-weight: 400;\">Ralph Manuel<\/li>\n<li style=\"font-weight: 400;\">Piret Rips-Laul<\/li>\n<li style=\"font-weight: 400;\">Robert Pearsall<\/li>\n<li style=\"font-weight: 400;\">Nikolaj Kedrov<\/li>\n<li style=\"font-weight: 400;\">\u0112riks E\u0161envalds<\/li>\n<li style=\"font-weight: 400;\">Eric Whitacre<\/li>\n<\/ul>\n<\/div>\n\t\t<\/div><\/div><\/div><div id=\"pg-gb946-69f76d94d244d-2\"  class=\"panel-grid panel-no-style\" ><div id=\"pgc-gb946-69f76d94d244d-2-0\"  class=\"panel-grid-cell\" ><div id=\"panel-gb946-69f76d94d244d-2-0-0\" class=\"so-panel widget widget_text panel-first-child panel-last-child\" data-index=\"3\" >\t\t\t<div class=\"textwidget\"><div>Kammark\u00f6ren Bel Canto riktar ett stort tack till f\u00f6ljande underst\u00f6djare av kompositionst\u00e4vlingen<\/div>\n<div>NY K\u00d6RMUSIK:\u00a0Svenska Kulturfonden, Svenska folkskolans v\u00e4nner, Svensk-\u00d6sterbottniska samfundet, Kultur\u00d6sterbotten, Konstsamfundet, Harry Schaumans stiftelse.<\/div>\n<div><img loading=\"lazy\" decoding=\"async\" class=\"aligncenter wp-image-877 size-medium\" src=\"http:\/\/www.bcanto.com\/wp\/wp-content\/uploads\/2018\/05\/Logon_pressmedd.jpg-300x114.jpg\" alt=\"logo\" width=\"300\" height=\"114\" srcset=\"https:\/\/www.bcanto.com\/wp\/wp-content\/uploads\/2018\/05\/Logon_pressmedd.jpg-300x114.jpg 300w, https:\/\/www.bcanto.com\/wp\/wp-content\/uploads\/2018\/05\/Logon_pressmedd.jpg-768x291.jpg 768w, https:\/\/www.bcanto.com\/wp\/wp-content\/uploads\/2018\/05\/Logon_pressmedd.jpg-1024x388.jpg 1024w, https:\/\/www.bcanto.com\/wp\/wp-content\/uploads\/2018\/05\/Logon_pressmedd.jpg-500x189.jpg 500w, https:\/\/www.bcanto.com\/wp\/wp-content\/uploads\/2018\/05\/Logon_pressmedd.jpg.jpg 1263w\" sizes=\"auto, (max-width: 300px) 100vw, 300px\" \/><\/div>\n<\/div>\n\t\t<\/div><\/div><\/div><\/div>","protected":false},"excerpt":{"rendered":"<p>H\u00f6sten 2017 utlyste Kammark\u00f6ren Bel Canto, bland finl\u00e4ndska tons\u00e4ttare eller i Finland\u00a0stadigvarande bosatta tons\u00e4ttare, en kompositionst\u00e4vling med avsikt att stimulera och\u00a0entusiasmera skapandet av ny h\u00f6gklassig k\u00f6rmusik och d\u00e4rmed berika repertoaren. Varje deltagare skulle inl\u00e4mna tv\u00e5 kompositioner &#8211; en med en andlig svenskspr\u00e5kig text och\u00a0en med en profan svenskspr\u00e5kig text &#8211; om 3-5 minuter vardera. Bel&#8230;<\/p>\n","protected":false},"author":1,"featured_media":0,"comment_status":"closed","ping_status":"closed","sticky":false,"template":"","format":"standard","meta":{"content-type":"","_jetpack_newsletter_access":"","_jetpack_dont_email_post_to_subs":false,"_jetpack_newsletter_tier_id":0,"_jetpack_memberships_contains_paywalled_content":false,"_jetpack_memberships_contains_paid_content":false,"footnotes":""},"categories":[21,3,11],"tags":[],"class_list":["post-946","post","type-post","status-publish","format-standard","hentry","category-21","category-konsert","category-tavling"],"jetpack_featured_media_url":"","jetpack_sharing_enabled":true,"jetpack_shortlink":"https:\/\/wp.me\/p2SXDM-fg","jetpack_likes_enabled":true,"_links":{"self":[{"href":"https:\/\/www.bcanto.com\/wp\/index.php?rest_route=\/wp\/v2\/posts\/946","targetHints":{"allow":["GET"]}}],"collection":[{"href":"https:\/\/www.bcanto.com\/wp\/index.php?rest_route=\/wp\/v2\/posts"}],"about":[{"href":"https:\/\/www.bcanto.com\/wp\/index.php?rest_route=\/wp\/v2\/types\/post"}],"author":[{"embeddable":true,"href":"https:\/\/www.bcanto.com\/wp\/index.php?rest_route=\/wp\/v2\/users\/1"}],"replies":[{"embeddable":true,"href":"https:\/\/www.bcanto.com\/wp\/index.php?rest_route=%2Fwp%2Fv2%2Fcomments&post=946"}],"version-history":[{"count":8,"href":"https:\/\/www.bcanto.com\/wp\/index.php?rest_route=\/wp\/v2\/posts\/946\/revisions"}],"predecessor-version":[{"id":971,"href":"https:\/\/www.bcanto.com\/wp\/index.php?rest_route=\/wp\/v2\/posts\/946\/revisions\/971"}],"wp:attachment":[{"href":"https:\/\/www.bcanto.com\/wp\/index.php?rest_route=%2Fwp%2Fv2%2Fmedia&parent=946"}],"wp:term":[{"taxonomy":"category","embeddable":true,"href":"https:\/\/www.bcanto.com\/wp\/index.php?rest_route=%2Fwp%2Fv2%2Fcategories&post=946"},{"taxonomy":"post_tag","embeddable":true,"href":"https:\/\/www.bcanto.com\/wp\/index.php?rest_route=%2Fwp%2Fv2%2Ftags&post=946"}],"curies":[{"name":"wp","href":"https:\/\/api.w.org\/{rel}","templated":true}]}}