{"id":1061,"date":"2020-03-20T12:33:11","date_gmt":"2020-03-20T10:33:11","guid":{"rendered":"http:\/\/www.bcanto.com\/wp\/?p=1061"},"modified":"2022-04-21T19:43:06","modified_gmt":"2022-04-21T16:43:06","slug":"bel-canto-haller-paus-varen-2020","status":"publish","type":"post","link":"https:\/\/www.bcanto.com\/wp\/?p=1061","title":{"rendered":"Bel Canto h\u00e5ller paus v\u00e5ren 2020"},"content":{"rendered":"\n<p>Kammark\u00f6ren Bel Canto h\u00e5ller en paus i verksamheten under resten av v\u00e5ren 2020 pga det r\u00e5dande l\u00e4get (Corona-viruset, smittorisken samt regeringens direktiv). <\/p>\n\n\n\n<p>Under f\u00f6ruts\u00e4ttning att l\u00e4get f\u00f6r\u00e4ndras till det b\u00e4ttre kommer vi under h\u00f6sten att satsa p\u00e5 tv\u00e5 konserter. Vi \u00e5terkommer med exakta datum och mera information.<\/p>\n\n\n\n<ul class=\"wp-block-list\"><li>Konsert med <strong>Rossinis &#8221;Petite Messe Solennelle&#8221;<\/strong> i Schaumansalen, Jakobstad (m\u00e5nadsskiftet oktober-november)<\/li><li><strong>20.12.2020 &#8211; Julkonsert<\/strong> i Peders\u00f6re kyrka.<\/li><\/ul>\n\n\n\n<p><\/p>\n","protected":false},"excerpt":{"rendered":"<p>Kammark\u00f6ren Bel Canto h\u00e5ller en paus i verksamheten under resten av v\u00e5ren 2020 pga det r\u00e5dande l\u00e4get (Corona-viruset, smittorisken samt regeringens direktiv). Under f\u00f6ruts\u00e4ttning att l\u00e4get f\u00f6r\u00e4ndras till det b\u00e4ttre kommer vi under h\u00f6sten att satsa p\u00e5 tv\u00e5 konserter. Vi \u00e5terkommer med exakta datum och mera information. Konsert med Rossinis &#8221;Petite Messe Solennelle&#8221; i Schaumansalen,&#8230;<\/p>\n","protected":false},"author":1,"featured_media":0,"comment_status":"closed","ping_status":"closed","sticky":false,"template":"","format":"standard","meta":{"content-type":"","_jetpack_newsletter_access":"","_jetpack_dont_email_post_to_subs":false,"_jetpack_newsletter_tier_id":0,"_jetpack_memberships_contains_paywalled_content":false,"_jetpack_memberships_contains_paid_content":false,"footnotes":""},"categories":[24,3],"tags":[],"class_list":["post-1061","post","type-post","status-publish","format-standard","hentry","category-24","category-konsert"],"jetpack_featured_media_url":"","jetpack_sharing_enabled":true,"jetpack_shortlink":"https:\/\/wp.me\/p2SXDM-h7","jetpack_likes_enabled":true,"_links":{"self":[{"href":"https:\/\/www.bcanto.com\/wp\/index.php?rest_route=\/wp\/v2\/posts\/1061","targetHints":{"allow":["GET"]}}],"collection":[{"href":"https:\/\/www.bcanto.com\/wp\/index.php?rest_route=\/wp\/v2\/posts"}],"about":[{"href":"https:\/\/www.bcanto.com\/wp\/index.php?rest_route=\/wp\/v2\/types\/post"}],"author":[{"embeddable":true,"href":"https:\/\/www.bcanto.com\/wp\/index.php?rest_route=\/wp\/v2\/users\/1"}],"replies":[{"embeddable":true,"href":"https:\/\/www.bcanto.com\/wp\/index.php?rest_route=%2Fwp%2Fv2%2Fcomments&post=1061"}],"version-history":[{"count":3,"href":"https:\/\/www.bcanto.com\/wp\/index.php?rest_route=\/wp\/v2\/posts\/1061\/revisions"}],"predecessor-version":[{"id":1067,"href":"https:\/\/www.bcanto.com\/wp\/index.php?rest_route=\/wp\/v2\/posts\/1061\/revisions\/1067"}],"wp:attachment":[{"href":"https:\/\/www.bcanto.com\/wp\/index.php?rest_route=%2Fwp%2Fv2%2Fmedia&parent=1061"}],"wp:term":[{"taxonomy":"category","embeddable":true,"href":"https:\/\/www.bcanto.com\/wp\/index.php?rest_route=%2Fwp%2Fv2%2Fcategories&post=1061"},{"taxonomy":"post_tag","embeddable":true,"href":"https:\/\/www.bcanto.com\/wp\/index.php?rest_route=%2Fwp%2Fv2%2Ftags&post=1061"}],"curies":[{"name":"wp","href":"https:\/\/api.w.org\/{rel}","templated":true}]}}