{"id":1057,"date":"2019-12-16T13:09:19","date_gmt":"2019-12-16T11:09:19","guid":{"rendered":"http:\/\/www.bcanto.com\/wp\/?p=1057"},"modified":"2023-09-07T23:14:24","modified_gmt":"2023-09-07T20:14:24","slug":"julkonsert-22-12-kl-19","status":"publish","type":"post","link":"https:\/\/www.bcanto.com\/wp\/?p=1057","title":{"rendered":"Julkonsert 2019"},"content":{"rendered":"<div class=\"wp-block-image\">\n<figure class=\"aligncenter\"><img loading=\"lazy\" decoding=\"async\" width=\"880\" height=\"627\" src=\"http:\/\/www.bcanto.com\/wp\/wp-content\/uploads\/2019\/12\/Julkonsert.jpg\" alt=\"\" class=\"wp-image-1058\" srcset=\"https:\/\/www.bcanto.com\/wp\/wp-content\/uploads\/2019\/12\/Julkonsert.jpg 880w, https:\/\/www.bcanto.com\/wp\/wp-content\/uploads\/2019\/12\/Julkonsert-300x214.jpg 300w, https:\/\/www.bcanto.com\/wp\/wp-content\/uploads\/2019\/12\/Julkonsert-768x547.jpg 768w, https:\/\/www.bcanto.com\/wp\/wp-content\/uploads\/2019\/12\/Julkonsert-421x300.jpg 421w\" sizes=\"auto, (max-width: 880px) 100vw, 880px\" \/><\/figure>\n<\/div>\n\n\n<p class=\"has-white-color has-text-color\">.<\/p>\n\n\n\n<p class=\"has-text-align-center has-medium-font-size\">Julkonsert med kammark\u00f6ren Bel Canto, Peders\u00f6re kyrka 22.12.2019, kl. 19.00.<\/p>\n\n\n\n<p class=\"has-text-align-center has-medium-font-size\">Medverkande: Albert Sahlstr\u00f6m; violin, Lisen Borgm\u00e4stars; orgel, piano, Dan L\u00f6nnqvist; dirigent, orgel.<\/p>\n","protected":false},"excerpt":{"rendered":"<p>. Julkonsert med kammark\u00f6ren Bel Canto, Peders\u00f6re kyrka 22.12.2019, kl. 19.00. Medverkande: Albert Sahlstr\u00f6m; violin, Lisen Borgm\u00e4stars; orgel, piano, Dan L\u00f6nnqvist; dirigent, orgel.<\/p>\n","protected":false},"author":1,"featured_media":1353,"comment_status":"closed","ping_status":"closed","sticky":false,"template":"","format":"standard","meta":{"content-type":"","_jetpack_newsletter_access":"","_jetpack_dont_email_post_to_subs":false,"_jetpack_newsletter_tier_id":0,"_jetpack_memberships_contains_paywalled_content":false,"_jetpack_memberships_contains_paid_content":false,"footnotes":""},"categories":[21,3],"tags":[],"class_list":["post-1057","post","type-post","status-publish","format-standard","has-post-thumbnail","hentry","category-21","category-konsert"],"jetpack_featured_media_url":"https:\/\/www.bcanto.com\/wp\/wp-content\/uploads\/2019\/12\/BelCanto_Julkonsert2019_Banner_3.jpg","jetpack_sharing_enabled":true,"jetpack_shortlink":"https:\/\/wp.me\/p2SXDM-h3","jetpack_likes_enabled":true,"_links":{"self":[{"href":"https:\/\/www.bcanto.com\/wp\/index.php?rest_route=\/wp\/v2\/posts\/1057","targetHints":{"allow":["GET"]}}],"collection":[{"href":"https:\/\/www.bcanto.com\/wp\/index.php?rest_route=\/wp\/v2\/posts"}],"about":[{"href":"https:\/\/www.bcanto.com\/wp\/index.php?rest_route=\/wp\/v2\/types\/post"}],"author":[{"embeddable":true,"href":"https:\/\/www.bcanto.com\/wp\/index.php?rest_route=\/wp\/v2\/users\/1"}],"replies":[{"embeddable":true,"href":"https:\/\/www.bcanto.com\/wp\/index.php?rest_route=%2Fwp%2Fv2%2Fcomments&post=1057"}],"version-history":[{"count":6,"href":"https:\/\/www.bcanto.com\/wp\/index.php?rest_route=\/wp\/v2\/posts\/1057\/revisions"}],"predecessor-version":[{"id":1463,"href":"https:\/\/www.bcanto.com\/wp\/index.php?rest_route=\/wp\/v2\/posts\/1057\/revisions\/1463"}],"wp:featuredmedia":[{"embeddable":true,"href":"https:\/\/www.bcanto.com\/wp\/index.php?rest_route=\/wp\/v2\/media\/1353"}],"wp:attachment":[{"href":"https:\/\/www.bcanto.com\/wp\/index.php?rest_route=%2Fwp%2Fv2%2Fmedia&parent=1057"}],"wp:term":[{"taxonomy":"category","embeddable":true,"href":"https:\/\/www.bcanto.com\/wp\/index.php?rest_route=%2Fwp%2Fv2%2Fcategories&post=1057"},{"taxonomy":"post_tag","embeddable":true,"href":"https:\/\/www.bcanto.com\/wp\/index.php?rest_route=%2Fwp%2Fv2%2Ftags&post=1057"}],"curies":[{"name":"wp","href":"https:\/\/api.w.org\/{rel}","templated":true}]}}